{"id":2792,"date":"2026-08-21T06:19:17","date_gmt":"2026-08-21T06:19:17","guid":{"rendered":"https:\/\/www.ff-takern.at\/?post_type=blog_post&#038;p=2792"},"modified":"2026-09-03T06:25:13","modified_gmt":"2026-09-03T06:25:13","slug":"industriebrand-bei-recyclingunternehmen","status":"publish","type":"blog_post","link":"https:\/\/www.ff-takern.at\/?blog_post=industriebrand-bei-recyclingunternehmen","title":{"rendered":"Industriebrand bei Recyclingunternehmen!"},"content":{"rendered":"<p>Am Abend des\u00a0<strong>21. August 2026<\/strong>\u00a0wurden mehrere Feuerwehren zu einem Brand bei einem M\u00fcllentsorgungsbetrieb alarmiert.<\/p>\n<p>Aus bislang ungekl\u00e4rter Ursache war es im Bereich eines\u00a0<strong>Schredders zu einem Brand<\/strong>\u00a0gekommen. Aufgrund der starken Rauchentwicklung war ein Einsatz unter\u00a0<strong>schwerem Atemschutz<\/strong>\u00a0erforderlich. Die eingesetzten Atemschutztrupps konnten zum Brandherd vordringen und das Feuer unter Kontrolle bringen sowie schlie\u00dflich vollst\u00e4ndig abl\u00f6schen.<\/p>\n<p>Durch das rasche und koordinierte Eingreifen der Einsatzkr\u00e4fte konnte eine weitere Ausbreitung des Brandes verhindert werden. Die genaue Brandursache ist derzeit noch nicht bekannt.<\/p>\n<p>Auf Wunsch der Betriebsleitung wird von einer Ver\u00f6ffentlichung von Einsatzfotos abgesehen.<\/p>\n<p>Bericht und Bild: FF Sulz<\/p>\n<h3>Eingesetzte Kr\u00e4fte<\/h3>\n<ul data-spread=\"false\">\n<li>FF Goggitsch<\/li>\n<li>FF Hofst\u00e4tten an der Raab<\/li>\n<li>FF St. Margarethen an der Raab<\/li>\n<li>FF Sulz<\/li>\n<li>FF Takern II<\/li>\n<li>FF Gleisdorf<\/li>\n<li>Rotes Kreuz<\/li>\n<li>Polizei<\/li>\n<\/ul>\n","protected":false},"excerpt":{"rendered":"<p>Am Abend des\u00a021. August 2026\u00a0wurden mehrere Feuerwehren zu einem Brand bei einem M\u00fcllentsorgungsbetrieb alarmiert. Aus bislang ungekl\u00e4rter Ursache war es im Bereich eines\u00a0Schredders zu einem Brand\u00a0gekommen. Aufgrund der starken Rauchentwicklung [&hellip;]<\/p>\n","protected":false},"author":2,"featured_media":2793,"comment_status":"open","ping_status":"closed","template":"","tags":[],"blog-category":[6,27],"class_list":["post-2792","blog_post","type-blog_post","status-publish","has-post-thumbnail","hentry","blog-category-aktuelles","blog-category-einsaetze"],"blocksy_meta":[],"featured_image_urls_v2":{"full":["https:\/\/www.ff-takern.at\/wp-content\/uploads\/2026\/09\/Screenshot-2026-09-03-081851.png",489,336,false],"thumbnail":["https:\/\/www.ff-takern.at\/wp-content\/uploads\/2026\/09\/Screenshot-2026-09-03-081851-150x150.png",150,150,true],"medium":["https:\/\/www.ff-takern.at\/wp-content\/uploads\/2026\/09\/Screenshot-2026-09-03-081851-300x206.png",300,206,true],"medium_large":["https:\/\/www.ff-takern.at\/wp-content\/uploads\/2026\/09\/Screenshot-2026-09-03-081851.png",489,336,false],"large":["https:\/\/www.ff-takern.at\/wp-content\/uploads\/2026\/09\/Screenshot-2026-09-03-081851.png",489,336,false],"timeline-express":["https:\/\/www.ff-takern.at\/wp-content\/uploads\/2026\/09\/Screenshot-2026-09-03-081851-350x120.png",350,120,true],"timeline-express-thumbnail":["https:\/\/www.ff-takern.at\/wp-content\/uploads\/2026\/09\/Screenshot-2026-09-03-081851-200x120.png",200,120,true],"1536x1536":["https:\/\/www.ff-takern.at\/wp-content\/uploads\/2026\/09\/Screenshot-2026-09-03-081851.png",489,336,false],"2048x2048":["https:\/\/www.ff-takern.at\/wp-content\/uploads\/2026\/09\/Screenshot-2026-09-03-081851.png",489,336,false]},"post_excerpt_stackable_v2":"<p>Am Abend des\u00a021. August 2026\u00a0wurden mehrere Feuerwehren zu einem Brand bei einem M\u00fcllentsorgungsbetrieb alarmiert. Aus bislang ungekl\u00e4rter Ursache war es im Bereich eines\u00a0Schredders zu einem Brand\u00a0gekommen. Aufgrund der starken Rauchentwicklung war ein Einsatz unter\u00a0schwerem Atemschutz\u00a0erforderlich. Die eingesetzten Atemschutztrupps konnten zum Brandherd vordringen und das Feuer unter Kontrolle bringen sowie schlie\u00dflich vollst\u00e4ndig abl\u00f6schen. Durch das rasche und koordinierte Eingreifen der Einsatzkr\u00e4fte konnte eine weitere Ausbreitung des Brandes verhindert werden. Die genaue Brandursache ist derzeit noch nicht bekannt. Auf Wunsch der Betriebsleitung wird von einer Ver\u00f6ffentlichung von Einsatzfotos abgesehen. Bericht und Bild: FF Sulz Eingesetzte Kr\u00e4fte FF Goggitsch FF Hofst\u00e4tten an der&hellip;<\/p>\n","category_list_v2":"","author_info_v2":{"name":"Martin Winkler","url":"https:\/\/www.ff-takern.at\/?author=2"},"comments_num_v2":"0 comments","_links":{"self":[{"href":"https:\/\/www.ff-takern.at\/index.php?rest_route=\/wp\/v2\/blog_post\/2792","targetHints":{"allow":["GET"]}}],"collection":[{"href":"https:\/\/www.ff-takern.at\/index.php?rest_route=\/wp\/v2\/blog_post"}],"about":[{"href":"https:\/\/www.ff-takern.at\/index.php?rest_route=\/wp\/v2\/types\/blog_post"}],"author":[{"embeddable":true,"href":"https:\/\/www.ff-takern.at\/index.php?rest_route=\/wp\/v2\/users\/2"}],"replies":[{"embeddable":true,"href":"https:\/\/www.ff-takern.at\/index.php?rest_route=%2Fwp%2Fv2%2Fcomments&post=2792"}],"wp:featuredmedia":[{"embeddable":true,"href":"https:\/\/www.ff-takern.at\/index.php?rest_route=\/wp\/v2\/media\/2793"}],"wp:attachment":[{"href":"https:\/\/www.ff-takern.at\/index.php?rest_route=%2Fwp%2Fv2%2Fmedia&parent=2792"}],"wp:term":[{"taxonomy":"post_tag","embeddable":true,"href":"https:\/\/www.ff-takern.at\/index.php?rest_route=%2Fwp%2Fv2%2Ftags&post=2792"},{"taxonomy":"blog-category","embeddable":true,"href":"https:\/\/www.ff-takern.at\/index.php?rest_route=%2Fwp%2Fv2%2Fblog-category&post=2792"}],"curies":[{"name":"wp","href":"https:\/\/api.w.org\/{rel}","templated":true}]}}